{"id":9501,"date":"2022-10-25T12:36:43","date_gmt":"2022-10-25T12:36:43","guid":{"rendered":"http:\/\/atelier-des-cuisiniers.com\/?p=9501"},"modified":"2022-11-24T15:02:58","modified_gmt":"2022-11-24T15:02:58","slug":"travers-de-porc-fondant-laques-aux-agrumes-et-epices-douces","status":"publish","type":"post","link":"http:\/\/atelier-des-cuisiniers.com\/fr\/travers-de-porc-fondant-laques-aux-agrumes-et-epices-douces\/","title":{"rendered":"Travers de porc fondant, laqu\u00e9s aux agrumes et \u00e9pices douces"},"content":{"rendered":"<p>Temps de pr\u00e9paration<br \/>\n30 minutes<br \/>\nTemps de cuisson<br \/>\n90 minutes<br \/>\nTemps Marinade<br \/>\n6 heures<\/p>\n<p>Vous ne trouverez pas de recette plus facile pour r\u00e9aliser de magnifique travers de porcs savoureux et fondant en bouche ! Le secret de la recette ? Une premi\u00e8re cuisson au four, \u00e0 couvert, pour attendrir la viande, puis quelques minutes sous le grill pour cr\u00e9er une belle caram\u00e9lisation, le tout recouvert d&#8217;un gla\u00e7age, \u00e0 l&#8217;orange et aux \u00e9pices douces. Celui-ci apporte une petite touche sucr\u00e9\/sal\u00e9 pour encore plus de gourmandise !<\/p>\n<p>INGR\u00c9DIENTS<br \/>\n1,5 kg de travers de porc<br \/>\nMarinade<br \/>\n3 oranges<br \/>\n2 pamplemousses<br \/>\n2 citrons verts<br \/>\n2 gousses d&#8217;ails<br \/>\n2 c. \u00e0 caf\u00e9 de graines de cumin<br \/>\n2 c. \u00e0 caf\u00e9 de graine de coriandre<br \/>\n2 c. \u00e0 caf\u00e9 de paprika doux\/fum\u00e9<br \/>\n4 c. \u00e0 soupe d&#8217;huile neutre<br \/>\n3 c. \u00e0 caf\u00e9 de sel fin<br \/>\nGla\u00e7age<br \/>\n20 gr de sucre blanc<br \/>\n20 gr de miel<br \/>\n6 cl de vinaigre de vin<br \/>\n4 c. \u00e0 soupe de sauce soja<br \/>\n40 cl de fond brun<br \/>\n20 cl de jus d&#8217;orange<br \/>\n2 c. \u00e0 caf\u00e9 de cannelle<br \/>\n2 pi\u00e8ces d&#8217;anis \u00e9toil\u00e9s<br \/>\n1 orange<br \/>\n1 branche de thym frais<\/p>\n<p>Terminez l\u2019assaisonnement en ajoutant le jus de l&#8217;orange.<\/p>\n<p>Le liquide doit \u00eatre nappant, si cela n\u2019est pas le cas, vous pouvez rajouter une cuill\u00e8re \u00e0 caf\u00e9 de ma\u00efzena dilu\u00e9 dans un peu d\u2019eau.<\/p>\n<p>Incorporez ce m\u00e9lange dans le gla\u00e7age puis faites bouillir pendant 1 min afin de l\u2019\u00e9paissir.<\/p>\n<p>Cuisson de la viande (finition) :<\/p>\n<p>Apr\u00e8s 45 min de cuisson, badigeonnez de gla\u00e7age les deux c\u00f4t\u00e9s de chaque travers.<\/p>\n<p>Poursuivez la cuisson pendant 45 min de plus, toujours recouvert d\u2019un papier aluminium.<\/p>\n<p>Lorsque le temps est \u00e9coul\u00e9, v\u00e9rifiez la cuisson \u00e0 l\u2019aide d\u2019un petit couteau. La viande doit \u00eatre fondante et moelleuse, mais toujours attach\u00e9e \u00e0 l\u2019os. Si c\u2019est le cas, retirez l\u2019aluminium puis passez votre four en mode grill.<\/p>\n<p>Badigeonnez de nouveau les travers de porc avec un peu de gla\u00e7age puis faites-les colorer sous le grill pendant 2-3 min afin d\u2019obtenir une belle caram\u00e9lisation.<\/p>\n<p>Attention, le gla\u00e7age risque de br\u00fbler rapidement, gardez un \u0153il sur vos travers!<\/p>","protected":false},"excerpt":{"rendered":"<p>Temps de pr\u00e9paration 30 minutes Temps de cuisson 90 minutes Temps Marinade 6 heures Vous ne trouverez pas de recette plus facile pour r\u00e9aliser de magnifique travers de porcs savoureux et fondant en bouche ! Le secret de la recette ? Une premi\u00e8re cuisson au four, \u00e0 couvert, pour attendrir la viande, puis quelques minutes&#8230;<\/p>","protected":false},"author":3,"featured_media":9502,"comment_status":"open","ping_status":"open","sticky":false,"template":"","format":"standard","meta":{"_joinchat":[],"footnotes":""},"categories":[3],"tags":[],"class_list":["post-9501","post","type-post","status-publish","format-standard","has-post-thumbnail","hentry","category-plats"],"_links":{"self":[{"href":"http:\/\/atelier-des-cuisiniers.com\/fr\/wp-json\/wp\/v2\/posts\/9501","targetHints":{"allow":["GET"]}}],"collection":[{"href":"http:\/\/atelier-des-cuisiniers.com\/fr\/wp-json\/wp\/v2\/posts"}],"about":[{"href":"http:\/\/atelier-des-cuisiniers.com\/fr\/wp-json\/wp\/v2\/types\/post"}],"author":[{"embeddable":true,"href":"http:\/\/atelier-des-cuisiniers.com\/fr\/wp-json\/wp\/v2\/users\/3"}],"replies":[{"embeddable":true,"href":"http:\/\/atelier-des-cuisiniers.com\/fr\/wp-json\/wp\/v2\/comments?post=9501"}],"version-history":[{"count":2,"href":"http:\/\/atelier-des-cuisiniers.com\/fr\/wp-json\/wp\/v2\/posts\/9501\/revisions"}],"predecessor-version":[{"id":9544,"href":"http:\/\/atelier-des-cuisiniers.com\/fr\/wp-json\/wp\/v2\/posts\/9501\/revisions\/9544"}],"wp:featuredmedia":[{"embeddable":true,"href":"http:\/\/atelier-des-cuisiniers.com\/fr\/wp-json\/wp\/v2\/media\/9502"}],"wp:attachment":[{"href":"http:\/\/atelier-des-cuisiniers.com\/fr\/wp-json\/wp\/v2\/media?parent=9501"}],"wp:term":[{"taxonomy":"category","embeddable":true,"href":"http:\/\/atelier-des-cuisiniers.com\/fr\/wp-json\/wp\/v2\/categories?post=9501"},{"taxonomy":"post_tag","embeddable":true,"href":"http:\/\/atelier-des-cuisiniers.com\/fr\/wp-json\/wp\/v2\/tags?post=9501"}],"curies":[{"name":"wp","href":"https:\/\/api.w.org\/{rel}","templated":true}]}}