{"id":9511,"date":"2022-10-25T13:22:53","date_gmt":"2022-10-25T13:22:53","guid":{"rendered":"http:\/\/atelier-des-cuisiniers.com\/?p=9511"},"modified":"2023-05-17T16:21:10","modified_gmt":"2023-05-17T16:21:10","slug":"salade-de-lentilles-aux-ecrevisses-et-creme-de-tomates-du-jardin","status":"publish","type":"post","link":"http:\/\/atelier-des-cuisiniers.com\/fr\/salade-de-lentilles-aux-ecrevisses-et-creme-de-tomates-du-jardin\/","title":{"rendered":"Salade de lentilles aux \u00e9crevisses et cr\u00e8me de tomates du jardin"},"content":{"rendered":"<p>INGREDIENTS<\/p>\n<p>Pour2\/3 personnes.<br \/>\n200 g de lentilles vertes du Puy<br \/>\n1 \u00e9chalotes<br \/>\n1 feuille de laurier<\/p>\n<p>200 g d\u2019\u00e9crevisses cuite<br \/>\n1 pinc\u00e9e de piment d\u2019Espelette<br \/>\n1 pinc\u00e9e d\u2019herbes de Provence<br \/>\n2 c \u00e0 s d\u2019huile d\u2019olive<br \/>\nSel et Poivre du moulin<br \/>\n1 oignon rouge pas mis<br \/>\n1 tomate du jardin<br \/>\nCiboulette fra\u00eeche du jardin<\/p>\n<p>.<br \/>\nLa cr\u00e8me de tomate<br \/>\n1 tomate du jardin pour moi<br \/>\n1 c \u00e0 s de vinaigre balsamique<br \/>\n25 ml d\u2019huile d\u2019olive<br \/>\nSel et Poivre du moulin<br \/>\nCiboulette fra\u00eeche du jardin<\/p>\n<p>PREPARATION<\/p>\n<p>\u00e9crevisses, cr\u00e8me de tomate du jardin<br \/>\nPr\u00e9paration : 30 mn<br \/>\nCuisson : 25 mn<\/p>\n<p>Les lentilles<br \/>\n1 : \u00c9pluchez et ciselez les \u00e9chalotes.<br \/>\n2 : Mettez-les dans une casserole avec les lentilles, la feuille de laurier et un peu de sel.<br \/>\n3 : Couvrez de deux fois le volume des lentilles en eau et portez \u00e0 \u00e9bullition.<br \/>\n4 : Laissez cuire environ 20 mn, les lentilles doivent \u00eatre l\u00e9g\u00e8rement croquantes.<br \/>\n5 : \u00c9gouttez-les et r\u00e9servez.<br \/>\n6 : Puis faites les refroidir.<br \/>\n7 : Dans un saladier, m\u00e9langez d\u00e9licatement les \u00e9crevisses avec les herbes de Provence, l\u2019huile d\u2019olive et le piment d\u2019Espelette,<br \/>\n8 : Salez et poivrez.<br \/>\n9 : R\u00e9servez au frais.<br \/>\n10 : Lavez, votre tomate, \u00e9pluchez la et enlevez les p\u00e9pins.<br \/>\n11 : Lavez, s\u00e9chez et taillez la ciboulette fra\u00eeche \u00e0 l\u2019aide d\u2019un couteau ou d\u2019un ciseau.<br \/>\n12 : Dans un cul de poule, m\u00e9langez les lentilles refroidies avec les d\u00e9s de tomates, et la ciboulette fra\u00eeche, v\u00e9rifier l\u2019assaisonnement, salez et poivrez si besoin.<\/p>\n<p>.<br \/>\nLa cr\u00e8me de tomate<br \/>\n1 : Mettez la tomate \u00e9pluch\u00e9e et grossi\u00e8rement coup\u00e9e dans le mixeur.<br \/>\n2 : Mixez avec le vinaigre.<br \/>\n3 : D\u00e8s que vous avez une fine pur\u00e9e, verser l\u2019huile d\u2019olive, salez et poivrez avant de mixer \u00e0 nouveau pour obtenir un coulis onctueux<br \/>\n4 : Lavez, la ciboulette fra\u00eeche et coupez la finement.<br \/>\n5 : Incorporez-la d\u00e9licatement au coulis de tomate.<\/p>\n<p>.<br \/>\nMontage<br \/>\n6 : \u00c0 l\u2019aide d\u2019un emporte pi\u00e8ce, d\u00e9posez les lentilles tassez bien puis ajoutez d\u00e9licatement les \u00e9crevisses sur le dessus.<br \/>\n7 : Versez ensuite une cuill\u00e8re \u00e0 soupe de cr\u00e8me de tomate, parsemez de ciboulette hach\u00e9e.<br \/>\n Et r\u00e9galez-vous<\/p>","protected":false},"excerpt":{"rendered":"<p>INGREDIENTS Pour2\/3 personnes. 200 g de lentilles vertes du Puy 1 \u00e9chalotes 1 feuille de laurier 200 g d\u2019\u00e9crevisses cuite 1 pinc\u00e9e de piment d\u2019Espelette 1 pinc\u00e9e d\u2019herbes de Provence 2 c \u00e0 s d\u2019huile d\u2019olive Sel et Poivre du moulin 1 oignon rouge pas mis 1 tomate du jardin Ciboulette fra\u00eeche du jardin &#8230;.<\/p>","protected":false},"author":3,"featured_media":9512,"comment_status":"open","ping_status":"open","sticky":false,"template":"","format":"standard","meta":{"_joinchat":[],"footnotes":""},"categories":[4],"tags":[],"class_list":["post-9511","post","type-post","status-publish","format-standard","has-post-thumbnail","hentry","category-entrees"],"_links":{"self":[{"href":"http:\/\/atelier-des-cuisiniers.com\/fr\/wp-json\/wp\/v2\/posts\/9511","targetHints":{"allow":["GET"]}}],"collection":[{"href":"http:\/\/atelier-des-cuisiniers.com\/fr\/wp-json\/wp\/v2\/posts"}],"about":[{"href":"http:\/\/atelier-des-cuisiniers.com\/fr\/wp-json\/wp\/v2\/types\/post"}],"author":[{"embeddable":true,"href":"http:\/\/atelier-des-cuisiniers.com\/fr\/wp-json\/wp\/v2\/users\/3"}],"replies":[{"embeddable":true,"href":"http:\/\/atelier-des-cuisiniers.com\/fr\/wp-json\/wp\/v2\/comments?post=9511"}],"version-history":[{"count":4,"href":"http:\/\/atelier-des-cuisiniers.com\/fr\/wp-json\/wp\/v2\/posts\/9511\/revisions"}],"predecessor-version":[{"id":9887,"href":"http:\/\/atelier-des-cuisiniers.com\/fr\/wp-json\/wp\/v2\/posts\/9511\/revisions\/9887"}],"wp:featuredmedia":[{"embeddable":true,"href":"http:\/\/atelier-des-cuisiniers.com\/fr\/wp-json\/wp\/v2\/media\/9512"}],"wp:attachment":[{"href":"http:\/\/atelier-des-cuisiniers.com\/fr\/wp-json\/wp\/v2\/media?parent=9511"}],"wp:term":[{"taxonomy":"category","embeddable":true,"href":"http:\/\/atelier-des-cuisiniers.com\/fr\/wp-json\/wp\/v2\/categories?post=9511"},{"taxonomy":"post_tag","embeddable":true,"href":"http:\/\/atelier-des-cuisiniers.com\/fr\/wp-json\/wp\/v2\/tags?post=9511"}],"curies":[{"name":"wp","href":"https:\/\/api.w.org\/{rel}","templated":true}]}}