{"id":9517,"date":"2022-10-25T13:41:02","date_gmt":"2022-10-25T13:41:02","guid":{"rendered":"http:\/\/atelier-des-cuisiniers.com\/?p=9517"},"modified":"2023-05-17T16:07:32","modified_gmt":"2023-05-17T16:07:32","slug":"macedoine-de-legumes-aux-gambas","status":"publish","type":"post","link":"http:\/\/atelier-des-cuisiniers.com\/fr\/macedoine-de-legumes-aux-gambas\/","title":{"rendered":"Mac\u00e9doine de l\u00e9gumes aux gambas"},"content":{"rendered":"<p>Ingr\u00e9dients<\/p>\n<p>6 personnes<\/p>\n<p>12 Gambas cuites<br \/>\n2 Carottes<br \/>\n100g Haricots verts<br \/>\n1 Belle pomme de terre<br \/>\n200g Petits pois \u00e9coss\u00e9s<br \/>\n1 Jaune d\u2019oeuf<br \/>\n1 cuil. \u00e0 caf\u00e9 Moutarde de Dijon<br \/>\n20 cl Huile de p\u00e9pins de raisins<br \/>\n3 Brins de ciboulette<br \/>\nSel<br \/>\nPoivre<\/p>\n<p>PREPARATION<\/p>\n<p>1 : Pelez votre pomme de terre et taillez la chair en petits cubes. Faites-les cuire \u00e0 l\u2019eau pendant une dizaine de minutes. V\u00e9rifiez la cuisson.<br \/>\n2 : Pelez vos carottes, \u00e9liminez les extr\u00e9mit\u00e9s et taillez la chair en petits cubes.<br \/>\n3 : Equeutez vos haricots et coupez-les en tron\u00e7ons.<br \/>\n4 : Plongez vos d\u00e8s de carottes dans une casserole remplie d\u2019eau bouillante sal\u00e9e et faites cuire 1 minute.<br \/>\n6 : Ajoutez les haricots et poursuivez la cuisson 2 minutes.<br \/>\n7 : Ajoutez les petits pois et poursuivez la cuisson 4 minutes suppl\u00e9mentaires. Rafra\u00eechissez imm\u00e9diatement vos l\u00e9gumes dans de l\u2019eau avec des gla\u00e7on. Egouttez-les.<br \/>\n8 : Dans un bol, m\u00e9langez le jaune d\u2019\u0153uf avec la moutarde. Ajoutez l\u2019huile en filet tout en m\u00e9langeant jusqu\u2019\u00e0 l\u2019obtention d\u2019une mayonnaise homog\u00e8ne. Salez et poivrez.<br \/>\n9 : Dans un saladier, m\u00e9langez les carottes, la pomme de terre, les haricots verts et les petits pois avec la mayonnaise.<br \/>\n10 : Eliminez les t\u00eates de vos gambas puis \u00f4tez les carapaces.<br \/>\n11 : Placez 6 emporte-pi\u00e8ces ronds au centre de 6 assiettes. Garnissez-les de mac\u00e9doine. Surmontez de 2 gambas et d\u2019un demi brin de ciboulette.<\/p>","protected":false},"excerpt":{"rendered":"<p>Ingr\u00e9dients 6 personnes 12 Gambas cuites 2 Carottes 100g Haricots verts 1 Belle pomme de terre 200g Petits pois \u00e9coss\u00e9s 1 Jaune d\u2019oeuf 1 cuil. \u00e0 caf\u00e9 Moutarde de Dijon 20 cl Huile de p\u00e9pins de raisins 3 Brins de ciboulette Sel Poivre PREPARATION 1 : Pelez votre pomme de terre et taillez la chair&#8230;<\/p>","protected":false},"author":3,"featured_media":9518,"comment_status":"open","ping_status":"open","sticky":false,"template":"","format":"standard","meta":{"_joinchat":[],"footnotes":""},"categories":[4],"tags":[],"class_list":["post-9517","post","type-post","status-publish","format-standard","has-post-thumbnail","hentry","category-entrees"],"_links":{"self":[{"href":"http:\/\/atelier-des-cuisiniers.com\/fr\/wp-json\/wp\/v2\/posts\/9517","targetHints":{"allow":["GET"]}}],"collection":[{"href":"http:\/\/atelier-des-cuisiniers.com\/fr\/wp-json\/wp\/v2\/posts"}],"about":[{"href":"http:\/\/atelier-des-cuisiniers.com\/fr\/wp-json\/wp\/v2\/types\/post"}],"author":[{"embeddable":true,"href":"http:\/\/atelier-des-cuisiniers.com\/fr\/wp-json\/wp\/v2\/users\/3"}],"replies":[{"embeddable":true,"href":"http:\/\/atelier-des-cuisiniers.com\/fr\/wp-json\/wp\/v2\/comments?post=9517"}],"version-history":[{"count":5,"href":"http:\/\/atelier-des-cuisiniers.com\/fr\/wp-json\/wp\/v2\/posts\/9517\/revisions"}],"predecessor-version":[{"id":9883,"href":"http:\/\/atelier-des-cuisiniers.com\/fr\/wp-json\/wp\/v2\/posts\/9517\/revisions\/9883"}],"wp:featuredmedia":[{"embeddable":true,"href":"http:\/\/atelier-des-cuisiniers.com\/fr\/wp-json\/wp\/v2\/media\/9518"}],"wp:attachment":[{"href":"http:\/\/atelier-des-cuisiniers.com\/fr\/wp-json\/wp\/v2\/media?parent=9517"}],"wp:term":[{"taxonomy":"category","embeddable":true,"href":"http:\/\/atelier-des-cuisiniers.com\/fr\/wp-json\/wp\/v2\/categories?post=9517"},{"taxonomy":"post_tag","embeddable":true,"href":"http:\/\/atelier-des-cuisiniers.com\/fr\/wp-json\/wp\/v2\/tags?post=9517"}],"curies":[{"name":"wp","href":"https:\/\/api.w.org\/{rel}","templated":true}]}}