{"id":9523,"date":"2022-10-25T13:50:45","date_gmt":"2022-10-25T13:50:45","guid":{"rendered":"http:\/\/atelier-des-cuisiniers.com\/?p=9523"},"modified":"2023-05-17T15:48:23","modified_gmt":"2023-05-17T15:48:23","slug":"panna-cotta-a-la-vanille","status":"publish","type":"post","link":"http:\/\/atelier-des-cuisiniers.com\/fr\/panna-cotta-a-la-vanille\/","title":{"rendered":"Panna cotta \u00e0 la vanille"},"content":{"rendered":"<p>INGR\u00c9DIENTS :<\/p>\n<p>4 PERSONNES.<br \/>\n50 cl de cr\u00e8me fra\u00eeche non all\u00e9g\u00e9e<br \/>\n70 g de sucre<br \/>\n1 gousse de vanille<br \/>\n2 feuilles et demie de g\u00e9latine<\/p>\n<p>Fruits frais ou surgel\u00e9s ( fraises, framboises ,myrtilles etc..)<\/p>\n<p>INGR\u00c9DIENTS :<\/p>\n<p>PR\u00c9PARATION :<br \/>\n10 min<br \/>\nRepos<br \/>\n12 h<\/p>\n<p>1 : Trempez les feuilles de g\u00e9latine dans un petit bol d\u2019eau froide.<\/p>\n<p>2 : Fendez la gousse de vanille puis \u00e0 l\u2019aide de la pointe d\u2019un couteau, grattez-en l\u2019int\u00e9rieur pour r\u00e9cup\u00e9rer les graines de vanille.<\/p>\n<p>3 : Prenez une petite casserole, versez-y la cr\u00e8me, le sucre et la vanille et mettez la casserole au feu.<\/p>\n<p>4 : Essorez ensuite les feuilles de g\u00e9latine.<\/p>\n<p>5 : Lorsque la cr\u00e8me commence \u00e0 fr\u00e9mir, enlevez-la du feu puis incorporez la g\u00e9latine.<\/p>\n<p>6 : M\u00e9langez soigneusement puis laissez refroidir la cr\u00e8me.<\/p>\n<p>7 : Enlevez ensuite la gousse de vanille.<\/p>\n<p>8 : R\u00e9partissez cette cr\u00e8me dans des ramequins.<\/p>","protected":false},"excerpt":{"rendered":"<p>INGR\u00c9DIENTS : 4 PERSONNES. 50 cl de cr\u00e8me fra\u00eeche non all\u00e9g\u00e9e 70 g de sucre 1 gousse de vanille 2 feuilles et demie de g\u00e9latine Fruits frais ou surgel\u00e9s ( fraises, framboises ,myrtilles etc..) INGR\u00c9DIENTS : PR\u00c9PARATION : 10 min Repos 12 h 1 : Trempez les feuilles de g\u00e9latine dans un petit bol d\u2019eau&#8230;<\/p>","protected":false},"author":3,"featured_media":9524,"comment_status":"open","ping_status":"open","sticky":false,"template":"","format":"standard","meta":{"_joinchat":[],"footnotes":""},"categories":[5],"tags":[],"class_list":["post-9523","post","type-post","status-publish","format-standard","has-post-thumbnail","hentry","category-desserts"],"_links":{"self":[{"href":"http:\/\/atelier-des-cuisiniers.com\/fr\/wp-json\/wp\/v2\/posts\/9523","targetHints":{"allow":["GET"]}}],"collection":[{"href":"http:\/\/atelier-des-cuisiniers.com\/fr\/wp-json\/wp\/v2\/posts"}],"about":[{"href":"http:\/\/atelier-des-cuisiniers.com\/fr\/wp-json\/wp\/v2\/types\/post"}],"author":[{"embeddable":true,"href":"http:\/\/atelier-des-cuisiniers.com\/fr\/wp-json\/wp\/v2\/users\/3"}],"replies":[{"embeddable":true,"href":"http:\/\/atelier-des-cuisiniers.com\/fr\/wp-json\/wp\/v2\/comments?post=9523"}],"version-history":[{"count":6,"href":"http:\/\/atelier-des-cuisiniers.com\/fr\/wp-json\/wp\/v2\/posts\/9523\/revisions"}],"predecessor-version":[{"id":9665,"href":"http:\/\/atelier-des-cuisiniers.com\/fr\/wp-json\/wp\/v2\/posts\/9523\/revisions\/9665"}],"wp:featuredmedia":[{"embeddable":true,"href":"http:\/\/atelier-des-cuisiniers.com\/fr\/wp-json\/wp\/v2\/media\/9524"}],"wp:attachment":[{"href":"http:\/\/atelier-des-cuisiniers.com\/fr\/wp-json\/wp\/v2\/media?parent=9523"}],"wp:term":[{"taxonomy":"category","embeddable":true,"href":"http:\/\/atelier-des-cuisiniers.com\/fr\/wp-json\/wp\/v2\/categories?post=9523"},{"taxonomy":"post_tag","embeddable":true,"href":"http:\/\/atelier-des-cuisiniers.com\/fr\/wp-json\/wp\/v2\/tags?post=9523"}],"curies":[{"name":"wp","href":"https:\/\/api.w.org\/{rel}","templated":true}]}}